{"id":928,"date":"2021-05-21T07:21:47","date_gmt":"2021-05-21T10:21:47","guid":{"rendered":"http:\/\/ensino.ifg.edu.br\/projetoeja\/?p=928"},"modified":"2021-05-26T14:27:51","modified_gmt":"2021-05-26T17:27:51","slug":"ufg-promove-evento-sobre-a-bncc","status":"publish","type":"post","link":"https:\/\/ensino.ifg.edu.br\/projetoeja\/2021\/05\/21\/ufg-promove-evento-sobre-a-bncc\/","title":{"rendered":"UFG promove evento sobre a BNCC"},"content":{"rendered":"<p>Evento ser\u00e1 transmitido pelo canal oficial do YouTube da UFG<!--more--><\/p>\n<p><img loading=\"lazy\" decoding=\"async\" class=\"alignnone size-full wp-image-929\" src=\"http:\/\/ensino.ifg.edu.br\/projetoeja\/wp-content\/uploads\/sites\/15\/2021\/05\/WhatsApp-Image-2021-05-18-at-07.53.35.jpeg\" alt=\"WhatsApp Image 2021-05-18 at 07.53.35\" width=\"1280\" height=\"1280\" \/><\/p>\n<p>Nos dias 31 de maio, 1\u00ba e 2 de junho, acontecer\u00e1 na Universidade Federal de Goi\u00e1s (UFG) o Semin\u00e1rio do Programa Institucional de Bolsas de Inicia\u00e7\u00e3o \u00e0 Doc\u00eancia (Pibid) e Resid\u00eancia Pedag\u00f3gica (RP). O evento discutir\u00e1 o tema \u201cDi\u00e1logos sobre a BNCC: a base nas a\u00e7\u00f5es do Pibid e da Resid\u00eancia Pedag\u00f3gica\u201d.<\/p>\n<div class=\"body\">\n<div>\n<p>De acordo com os organizadores, a\u00a0programa\u00e7\u00e3o contar\u00e1 com mesa-redonda, grupos de discuss\u00e3o e palestra. O evento ser\u00e1 transmitido pelo canal oficial do YouTube da UFG.<\/p>\n<p>Para mais informa\u00e7\u00f5es,\u00a0<a href=\"https:\/\/pibid.prograd.ufg.br\/\" target=\"_blank\" rel=\"noopener\">clique aqui<\/a>.<\/p>\n<\/div>\n<\/div>\n<p>&nbsp;<\/p>\n<p>&nbsp;<\/p>\n<div class=\"body\">\n<p><em>Comunica\u00e7\u00e3o do Projeto EJA Forma\u00e7\u00e3o do IFG com informa\u00e7\u00f5es da Universidade Federal de Goi\u00e1s (UFG).<\/em><\/p>\n<\/div>\n","protected":false},"excerpt":{"rendered":"<p>Evento ser\u00e1 transmitido pelo canal oficial do YouTube da UFG<\/p>\n","protected":false},"author":34,"featured_media":929,"comment_status":"open","ping_status":"open","sticky":false,"template":"","format":"standard","meta":{"footnotes":""},"categories":[54,1],"tags":[],"class_list":["post-928","post","type-post","status-publish","format-standard","has-post-thumbnail","hentry","category-evento","category-news"],"_links":{"self":[{"href":"https:\/\/ensino.ifg.edu.br\/projetoeja\/wp-json\/wp\/v2\/posts\/928"}],"collection":[{"href":"https:\/\/ensino.ifg.edu.br\/projetoeja\/wp-json\/wp\/v2\/posts"}],"about":[{"href":"https:\/\/ensino.ifg.edu.br\/projetoeja\/wp-json\/wp\/v2\/types\/post"}],"author":[{"embeddable":true,"href":"https:\/\/ensino.ifg.edu.br\/projetoeja\/wp-json\/wp\/v2\/users\/34"}],"replies":[{"embeddable":true,"href":"https:\/\/ensino.ifg.edu.br\/projetoeja\/wp-json\/wp\/v2\/comments?post=928"}],"version-history":[{"count":2,"href":"https:\/\/ensino.ifg.edu.br\/projetoeja\/wp-json\/wp\/v2\/posts\/928\/revisions"}],"predecessor-version":[{"id":931,"href":"https:\/\/ensino.ifg.edu.br\/projetoeja\/wp-json\/wp\/v2\/posts\/928\/revisions\/931"}],"wp:featuredmedia":[{"embeddable":true,"href":"https:\/\/ensino.ifg.edu.br\/projetoeja\/wp-json\/wp\/v2\/media\/929"}],"wp:attachment":[{"href":"https:\/\/ensino.ifg.edu.br\/projetoeja\/wp-json\/wp\/v2\/media?parent=928"}],"wp:term":[{"taxonomy":"category","embeddable":true,"href":"https:\/\/ensino.ifg.edu.br\/projetoeja\/wp-json\/wp\/v2\/categories?post=928"},{"taxonomy":"post_tag","embeddable":true,"href":"https:\/\/ensino.ifg.edu.br\/projetoeja\/wp-json\/wp\/v2\/tags?post=928"}],"curies":[{"name":"wp","href":"https:\/\/api.w.org\/{rel}","templated":true}]}}