{"id":917,"date":"2021-05-20T07:42:38","date_gmt":"2021-05-20T10:42:38","guid":{"rendered":"http:\/\/ensino.ifg.edu.br\/projetoeja\/?p=917"},"modified":"2021-05-20T14:50:47","modified_gmt":"2021-05-20T17:50:47","slug":"ifg-anapolis-promove-palestra-sobre-plagio-na-proxima-sexta-21","status":"publish","type":"post","link":"https:\/\/ensino.ifg.edu.br\/projetoeja\/2021\/05\/20\/ifg-anapolis-promove-palestra-sobre-plagio-na-proxima-sexta-21\/","title":{"rendered":"C\u00e2mpus An\u00e1polis promove palestra sobre pl\u00e1gio na pr\u00f3xima sexta, 21"},"content":{"rendered":"<p>Evento est\u00e1 com inscri\u00e7\u00f5es abertas e ser\u00e1 realizado no canal do YouTube do C\u00e2mpus<!--more--><\/p>\n<p align=\"justify\"><img loading=\"lazy\" decoding=\"async\" class=\"alignnone size-full wp-image-918\" src=\"http:\/\/ensino.ifg.edu.br\/projetoeja\/wp-content\/uploads\/sites\/15\/2021\/05\/live_plagio.jpeg\" alt=\"live_plagio\" width=\"1080\" height=\"1080\" \/>O Instituto Federal de Goi\u00e1s (IFG ) &#8211; C\u00e2mpus An\u00e1polis promove \u00e0s 14 horas da pr\u00f3xima sexta-feira, 21, a palestra &#8220;CTRL+C e CTRL+V: o pl\u00e1gio na academia, suas implica\u00e7\u00f5es \u00e9ticas e jur\u00eddicas&#8221;. O evento ser\u00e1 realizado no canal do YouTube do C\u00e2mpus por meio do seguinte link:\u00a0<a href=\"https:\/\/www.youtube.com\/watch?v=k1efM58NKrU\">https:\/\/www.youtube.com\/watch?v=k1efM58NKrU<\/a>\u00a0. A atividade \u00e9 aberta ao p\u00fablico em geral. As inscri\u00e7\u00f5es est\u00e3o abertas e podem ser feitas no site\u00a0<a href=\"http:\/\/www.computacaoifg.com.br\/gci\">www.computacaoifg.com.br\/gci<\/a>\u00a0. O link com a lista de frequ\u00eancia ser\u00e1 disponibilizado durante a transmiss\u00e3o (no espa\u00e7o do chat do canal) e ser\u00e1 ela que validar\u00e1 a participa\u00e7\u00e3o dos inscritos no GCI para recebimento futuro do certificado.<\/p>\n<blockquote>\n<p align=\"justify\">A palestra ser\u00e1 ministrada pelo jurista Caio Alexandre Negr\u00e3o e pela professora Cl\u00e1udia Helena dos Santos Ara\u00fajo. A media\u00e7\u00e3o ficar\u00e1 por conta da professora do IFG An\u00e1polis Aline Gomes da Silva. O evento \u00e9 uma a\u00e7\u00e3o conjunta das coordena\u00e7\u00f5es dos cursos t\u00e9cnicos integrados em Com\u00e9rcio Exterior, Edifica\u00e7\u00f5es e Qu\u00edmica do C\u00e2mpus An\u00e1polis.<\/p>\n<\/blockquote>\n<p align=\"justify\">&#8220;Entendemos que \u00e9 extremamente necess\u00e1ria e urgente a discuss\u00e3o sobre as implica\u00e7\u00f5es do pl\u00e1gio no meio acad\u00eamico. Acreditamos que por meio de palestras que abordem o tema, os alunos-escritores se conscientizar\u00e3o acerca da import\u00e2ncia de fazer cita\u00e7\u00f5es em seus trabalhos respeitando a autoria de terceiros\u201d, pontuam as coordenadoras dos cursos, Aline Gomes (Com\u00e9rcio Exterior), Maria Carolina Terra Heberlein (Edifica\u00e7\u00f5es) e Luciane Dias Pereira (Qu\u00edmica).<\/p>\n<p align=\"justify\">Confira a seguir um resumo dos curr\u00edculos dos palestrantes:<\/p>\n<p align=\"justify\"><b>Caio Alexandre Negr\u00e3o<\/b><\/p>\n<p align=\"justify\">Graduado em Direito pela Universidade Federal de Vi\u00e7osa (2014). Atuou como bolsista de extens\u00e3o do Departamento de Economia Rural da Universidade Federal de Vi\u00e7osa, desenvolvendo atividades ligadas a direitos sociais, coletivos e difusos. Atualmente cursa Licenciatura em Ci\u00eancias Sociais no Instituto Federal de Goi\u00e1s, C\u00e2mpus An\u00e1polis. Desenvolve estudos relacionados \u00e0s tem\u00e1ticas: Federalismo Nacional e Comparado, Estados Federais, Direito Ambiental Brasileiro, Sociologia e Antropologia do Direito.<b>\u00a0<\/b><\/p>\n<p align=\"justify\"><b>Cl\u00e1udia Helena dos Santos Ara\u00fajo<\/b><\/p>\n<p class=\"sdfootnote-western\" align=\"justify\">P\u00f3s-doutora em Estudos Culturais pelo Programa Avan\u00e7ado de Cultura Contempor\u00e2nea da Faculdade de Letras da Universidade Federal do Rio de Janeiro (UFRJ). Doutora e Mestre em Educa\u00e7\u00e3o pela PUC \u2013 Goi\u00e1s. Graduada em Pedagogia pela Universidade Estadual de Goi\u00e1s\/UEG. Associada \u00e0 Associa\u00e7\u00e3o Nacional de P\u00f3s-Gradua\u00e7\u00e3o e Pesquisa em Educa\u00e7\u00e3o\/ANPEd. Docente do Instituto Federal de Goi\u00e1s (IFG) e Pesquisadora. Atua no Programa de P\u00f3s-Gradua\u00e7\u00e3o \u2013 Mestrado em Educa\u00e7\u00e3o Profissional e Tecnol\u00f3gica (ProfEPT) do IFG. Membra dos grupos de pesquisa PACC (UFRJ) e GETESPP. Vice-L\u00edder e Membra do N\u00facleo de Pesquisas e Estudos na Forma\u00e7\u00e3o Docente e Educa\u00e7\u00e3o Ambiental (NUPEDEA).<\/p>\n<p align=\"justify\"><i>Coordena\u00e7\u00e3o de Comunica\u00e7\u00e3o Social\/C\u00e2mpus An\u00e1polis<\/i><\/p>\n","protected":false},"excerpt":{"rendered":"<p>Evento est\u00e1 com inscri\u00e7\u00f5es abertas e ser\u00e1 realizado no canal do YouTube do C\u00e2mpus<\/p>\n","protected":false},"author":34,"featured_media":918,"comment_status":"open","ping_status":"open","sticky":false,"template":"","format":"standard","meta":{"footnotes":""},"categories":[62,59,1,81],"tags":[],"class_list":["post-917","post","type-post","status-publish","format-standard","has-post-thumbnail","hentry","category-ifg","category-live","category-news","category-rede-federal"],"_links":{"self":[{"href":"https:\/\/ensino.ifg.edu.br\/projetoeja\/wp-json\/wp\/v2\/posts\/917"}],"collection":[{"href":"https:\/\/ensino.ifg.edu.br\/projetoeja\/wp-json\/wp\/v2\/posts"}],"about":[{"href":"https:\/\/ensino.ifg.edu.br\/projetoeja\/wp-json\/wp\/v2\/types\/post"}],"author":[{"embeddable":true,"href":"https:\/\/ensino.ifg.edu.br\/projetoeja\/wp-json\/wp\/v2\/users\/34"}],"replies":[{"embeddable":true,"href":"https:\/\/ensino.ifg.edu.br\/projetoeja\/wp-json\/wp\/v2\/comments?post=917"}],"version-history":[{"count":2,"href":"https:\/\/ensino.ifg.edu.br\/projetoeja\/wp-json\/wp\/v2\/posts\/917\/revisions"}],"predecessor-version":[{"id":927,"href":"https:\/\/ensino.ifg.edu.br\/projetoeja\/wp-json\/wp\/v2\/posts\/917\/revisions\/927"}],"wp:featuredmedia":[{"embeddable":true,"href":"https:\/\/ensino.ifg.edu.br\/projetoeja\/wp-json\/wp\/v2\/media\/918"}],"wp:attachment":[{"href":"https:\/\/ensino.ifg.edu.br\/projetoeja\/wp-json\/wp\/v2\/media?parent=917"}],"wp:term":[{"taxonomy":"category","embeddable":true,"href":"https:\/\/ensino.ifg.edu.br\/projetoeja\/wp-json\/wp\/v2\/categories?post=917"},{"taxonomy":"post_tag","embeddable":true,"href":"https:\/\/ensino.ifg.edu.br\/projetoeja\/wp-json\/wp\/v2\/tags?post=917"}],"curies":[{"name":"wp","href":"https:\/\/api.w.org\/{rel}","templated":true}]}}