{"id":885,"date":"2021-05-11T10:23:58","date_gmt":"2021-05-11T13:23:58","guid":{"rendered":"http:\/\/ensino.ifg.edu.br\/projetoeja\/?p=885"},"modified":"2021-05-11T13:25:46","modified_gmt":"2021-05-11T16:25:46","slug":"eleicoes-para-membros-da-comissao-interna-de-supervisao-do-plano-de-carreira-serao-em-junho","status":"publish","type":"post","link":"https:\/\/ensino.ifg.edu.br\/projetoeja\/2021\/05\/11\/eleicoes-para-membros-da-comissao-interna-de-supervisao-do-plano-de-carreira-serao-em-junho\/","title":{"rendered":"Elei\u00e7\u00f5es para membros da Comiss\u00e3o Interna de Supervis\u00e3o do Plano de Carreira ser\u00e3o em junho"},"content":{"rendered":"<p>Registro das candidaturas ocorrer\u00e1 entre os dias 14 e 23 de maio<!--more--><\/p>\n<div class=\"item-page\">\n<p><img loading=\"lazy\" decoding=\"async\" class=\"alignnone size-full wp-image-886\" src=\"http:\/\/ensino.ifg.edu.br\/projetoeja\/wp-content\/uploads\/sites\/15\/2021\/05\/Destaque-Eleies-CIS.png\" alt=\"Destaque---Eleies-CIS\" width=\"750\" height=\"459\" \/><\/p>\n<p>A Comiss\u00e3o Eleitoral Central, nomeada para conduzir o processo eleitoral para os membros da Comiss\u00e3o Interna de Supervis\u00e3o do Plano de Carreira dos Cargos T\u00e9cnico-Administrativos em Educa\u00e7\u00e3o (CIS-PCCTAE), publicou ontem, 10, o\u00a0<a href=\"http:\/\/ifg.edu.br\/attachments\/article\/23597\/Edital%20n%C2%BA1.2021.CEC.CIS-PCCTAE.pdf\">edital das elei\u00e7\u00f5es 2021<\/a>. A vota\u00e7\u00e3o eletr\u00f4nica ocorrer\u00e1 por unidade (C\u00e2mpus\/Reitoria), com vota\u00e7\u00e3o online secreta nos dias 10 e 11 de junho.<\/p>\n<p>De acordo com o cronograma, o registro das candidaturas ser\u00e1 feito entre os dias 14 e 23 de maio, por meio de formul\u00e1rio eletr\u00f4nico. E a campanha eleitoral poder\u00e1 ser realizada entre 28 de maio e 9 de junho. Pelo edital, poder\u00e3o candidatar-se os servidores t\u00e9cnico-administrativos ativos, desde que pertencentes ao PCCTAE do quadro permanente do Instituto Federal de Goi\u00e1s (IFG). As veda\u00e7\u00f5es quanto aos candidatos est\u00e3o dispon\u00edveis no\u00a0<a href=\"http:\/\/ifg.edu.br\/attachments\/article\/23597\/Edital%20n%C2%BA1.2021.CEC.CIS-PCCTAE.pdf\">edital<\/a>\u00a0das elei\u00e7\u00f5es.<\/p>\n<p>Os eleitores s\u00e3o todos os servidores t\u00e9cnico-administrativos ativos pertencentes ao quadro de servidores efetivos do IFG, conforme lista a ser divulgada pela Comiss\u00e3o Eleitoral Central, na p\u00e1gina eletr\u00f4nica das elei\u00e7\u00f5es:<a href=\"http:\/\/ifg.edu.br\/eleicoes\/cis2021\" rel=\"alternate\">\u00a0http:\/\/ifg.edu.br\/eleicoes\/cis2021<\/a>.\u00a0A publica\u00e7\u00e3o da lista preliminar dos eleitores aptos a votar ser\u00e1 feita no dia 28 de maio.<\/p>\n<p>Ser\u00e3o eleitos para composi\u00e7\u00e3o da CIS o m\u00ednimo de cinco representantes e cinco suplentes e, no m\u00e1ximo, um representante titular e seu respectivo suplente de cada c\u00e2mpus e da Reitoria do IFG, quando houver, eleitos pelos seus pares.<\/p>\n<p>Mais informa\u00e7\u00f5es e d\u00favidas podem ser obtidas por meio do e-mail:\u00a0<a href=\"mailto:cec.cis.2021@ifg.edu.br\">cec.cis.2021@ifg.edu.br<\/a>\u00a0e no site das elei\u00e7\u00f5es:\u00a0<a href=\"http:\/\/ifg.edu.br\/eleicoes\/cis2021\">http:\/\/ifg.edu.br\/eleicoes\/cis2021<\/a>.<\/p>\n<p>Conhe\u00e7a os membros das comiss\u00f5es:<\/p>\n<p><a href=\"http:\/\/www.ifg.edu.br\/attachments\/article\/23047\/PORTARIA%20666_2021%20-%20REITORIA_IFG.pdf\">Portaria n\u00ba 666, de 12 de abril de 2021 &#8211; Comiss\u00f5es Eleitorais Locais<\/a><br \/>\n<a href=\"http:\/\/www.ifg.edu.br\/attachments\/article\/23047\/PORTARIA%20669_2021%20-%20REITORIA_IFG.pdf\">Portaria n\u00ba 669, de 12 de abril de 2021 &#8211; Comiss\u00e3o Eleitoral Central<\/a><\/p>\n<p><em>\u00a0<\/em><\/p>\n<p><em>Diretoria de Comunica\u00e7\u00e3o Social\/Reitoria<\/em><\/p>\n<\/div>\n","protected":false},"excerpt":{"rendered":"<p>Registro das candidaturas ocorrer\u00e1 entre os dias 14 e 23 de maio<\/p>\n","protected":false},"author":34,"featured_media":886,"comment_status":"open","ping_status":"open","sticky":false,"template":"","format":"standard","meta":{"footnotes":""},"categories":[62,1,81],"tags":[],"class_list":["post-885","post","type-post","status-publish","format-standard","has-post-thumbnail","hentry","category-ifg","category-news","category-rede-federal"],"_links":{"self":[{"href":"https:\/\/ensino.ifg.edu.br\/projetoeja\/wp-json\/wp\/v2\/posts\/885"}],"collection":[{"href":"https:\/\/ensino.ifg.edu.br\/projetoeja\/wp-json\/wp\/v2\/posts"}],"about":[{"href":"https:\/\/ensino.ifg.edu.br\/projetoeja\/wp-json\/wp\/v2\/types\/post"}],"author":[{"embeddable":true,"href":"https:\/\/ensino.ifg.edu.br\/projetoeja\/wp-json\/wp\/v2\/users\/34"}],"replies":[{"embeddable":true,"href":"https:\/\/ensino.ifg.edu.br\/projetoeja\/wp-json\/wp\/v2\/comments?post=885"}],"version-history":[{"count":1,"href":"https:\/\/ensino.ifg.edu.br\/projetoeja\/wp-json\/wp\/v2\/posts\/885\/revisions"}],"predecessor-version":[{"id":887,"href":"https:\/\/ensino.ifg.edu.br\/projetoeja\/wp-json\/wp\/v2\/posts\/885\/revisions\/887"}],"wp:featuredmedia":[{"embeddable":true,"href":"https:\/\/ensino.ifg.edu.br\/projetoeja\/wp-json\/wp\/v2\/media\/886"}],"wp:attachment":[{"href":"https:\/\/ensino.ifg.edu.br\/projetoeja\/wp-json\/wp\/v2\/media?parent=885"}],"wp:term":[{"taxonomy":"category","embeddable":true,"href":"https:\/\/ensino.ifg.edu.br\/projetoeja\/wp-json\/wp\/v2\/categories?post=885"},{"taxonomy":"post_tag","embeddable":true,"href":"https:\/\/ensino.ifg.edu.br\/projetoeja\/wp-json\/wp\/v2\/tags?post=885"}],"curies":[{"name":"wp","href":"https:\/\/api.w.org\/{rel}","templated":true}]}}