{"id":729,"date":"2021-03-30T09:44:25","date_gmt":"2021-03-30T12:44:25","guid":{"rendered":"http:\/\/ensino.ifg.edu.br\/projetoeja\/?p=729"},"modified":"2021-03-29T13:46:37","modified_gmt":"2021-03-29T16:46:37","slug":"7o-seminario-internacional-de-educacao-e-tecnologias-recebe-inscricoes-ate-o-dia-12-de-abril","status":"publish","type":"post","link":"https:\/\/ensino.ifg.edu.br\/projetoeja\/2021\/03\/30\/7o-seminario-internacional-de-educacao-e-tecnologias-recebe-inscricoes-ate-o-dia-12-de-abril\/","title":{"rendered":"7\u00ba Semin\u00e1rio Internacional de Educa\u00e7\u00e3o e Tecnologias recebe inscri\u00e7\u00f5es at\u00e9 o dia 12 de abril"},"content":{"rendered":"<p>As inscri\u00e7\u00f5es para submiss\u00e3o de trabalhos podem ser feitas at\u00e9 4 de abril<!--more--><\/p>\n<p><img loading=\"lazy\" decoding=\"async\" class=\"alignnone size-full wp-image-730\" src=\"http:\/\/ensino.ifg.edu.br\/projetoeja\/wp-content\/uploads\/sites\/15\/2021\/03\/5429_57961.jpg\" alt=\"5429_57961\" width=\"1200\" height=\"774\" \/><\/p>\n<p>Previsto para ocorrer on-line entre os dias 15 e 16 de abril, o 7\u00ba Semin\u00e1rio Internacional de Educa\u00e7\u00e3o e Tecnologias reunir\u00e1 pesquisadores de diferentes pa\u00edses, que discutir\u00e3o sobre o ensino no contexto da cibercultura. O objetivo do evento, que ocorre on-line, \u00e9 propor a\u00e7\u00f5es e reflex\u00f5es diante da presen\u00e7a de tecnologias que imp\u00f5em um novo mecanismo para o desenvolvimento do processo educativo.<\/p>\n<p>Promovido pelo Programa de P\u00f3s-gradua\u00e7\u00e3o em Educa\u00e7\u00e3o (PPGEDU) da Universidade Regional Integrada do Alto Uruguai e das Miss\u00f5es (URI), C\u00e2mpus de Frederico Westphalen, o semin\u00e1rio contar\u00e1 professores, consultores e pesquisadores do Brasil e do exterior, os quais realizam pesquisas sobre tem\u00e1ticas relacionadas ao evento e t\u00eam s\u00f3lida experi\u00eancia em ensino on-line e off-line.<\/p>\n<p>Segundo a doutora Ana Paula Porto, professora do PPGEDU e uma das coordenadoras do evento, \u00e9 importante conhecer perspectivas distintas sobre a tem\u00e1tica central do evento a partir de perspectivas abrangentes que permitem o tr\u00e2nsito entre experi\u00eancias n\u00e3o apenas do Brasil.<\/p>\n<p><strong>Est\u00e3o confirmadas as participa\u00e7\u00f5es dos seguintes convidados:<\/strong><br \/>\nProfa. Dra. Amanda de Oliveira (UFSM)<br \/>\nProfa. Ms. Ana Patr\u00edcia Richter (Col. Est. Tr\u00eas M\u00e1rtires)<br \/>\nProf. Ms. Andr\u00e9 Bevil\u00e1qua (UFPEL)<br \/>\nProfa. Dra. Cilene Margarete Pereira<br \/>\nProfa. Dra. Daniela Melar\u00e9 Vieira Barros (UAB \u2013 Portugal)<br \/>\nProfa. Dra. Elaine Conte (UNILASALLE)<br \/>\nProf. Dra. Elena Maria Mallmann (UFSM)<br \/>\nProf. Dr. Fabiano Dor\u00e7a (UFU)<br \/>\nProf. Dr. Fernando Albuquerque Costa (Universidade de Lisboa)<br \/>\nProf. Ms. Fernando Batistti (URI)<br \/>\nProfa. Dra. L\u00facia Giraffa (PUC-RS)<br \/>\nProf. Dr. Luciano Sathler Rosa Guimar\u00e3es (Universidade Metodista de S\u00e3o Paulo)<br \/>\nProfa. Dra. Vanessa Ribas Fialho (UFSM)<br \/>\nProf. Dr. Vanina Costa Dias (Faculdade Ci\u00eancias da Vida)<br \/>\n<strong><br \/>\n<strong>\u00daltima semana de inscri\u00e7\u00f5es para apresenta\u00e7\u00f5es<\/strong><\/strong><br \/>\nAs inscri\u00e7\u00f5es para apresenta\u00e7\u00e3o de trabalhos v\u00e3o at\u00e9 4 de abril, enquanto que as para ouvintes est\u00e3o abertas at\u00e9 12 de abril. Todas as inscri\u00e7\u00f5es s\u00e3o realizadas exclusivamente pelo site do evento e t\u00eam valor simb\u00f3lico, possibilitando amplo acesso \u00e0 comunidade acad\u00eamica, professores e interessados em conhece mais sobre as tem\u00e1ticas do evento.<\/p>\n<p>&nbsp;<\/p>\n<p><a href=\"https:\/\/eventos.fw.uri.br\/cursos-extensao\/205\/vii-seminario-internacional-de-educacao-e-tecnologias?fbclid=IwAR2Bmo9QbTFbttzjUOlNDys_kImGTj1G43VRenL3Pp3I35UUUUlG03WjvAM\">Fa\u00e7a sua inscri\u00e7\u00e3o<\/a><\/p>\n<p>&nbsp;<\/p>\n<p><em>Comunica\u00e7\u00e3o Projeto Forma\u00e7\u00e3o EJA\/IFG com informa\u00e7\u00f5es da URI \u2013 C\u00e2mpus de Frederico Westphalen<\/em><\/p>\n","protected":false},"excerpt":{"rendered":"<p>As inscri\u00e7\u00f5es para submiss\u00e3o de trabalhos podem ser feitas at\u00e9 4 de abril<\/p>\n","protected":false},"author":34,"featured_media":730,"comment_status":"open","ping_status":"open","sticky":false,"template":"","format":"standard","meta":{"footnotes":""},"categories":[61,54,1],"tags":[],"class_list":["post-729","post","type-post","status-publish","format-standard","has-post-thumbnail","hentry","category-cursos","category-evento","category-news"],"_links":{"self":[{"href":"https:\/\/ensino.ifg.edu.br\/projetoeja\/wp-json\/wp\/v2\/posts\/729"}],"collection":[{"href":"https:\/\/ensino.ifg.edu.br\/projetoeja\/wp-json\/wp\/v2\/posts"}],"about":[{"href":"https:\/\/ensino.ifg.edu.br\/projetoeja\/wp-json\/wp\/v2\/types\/post"}],"author":[{"embeddable":true,"href":"https:\/\/ensino.ifg.edu.br\/projetoeja\/wp-json\/wp\/v2\/users\/34"}],"replies":[{"embeddable":true,"href":"https:\/\/ensino.ifg.edu.br\/projetoeja\/wp-json\/wp\/v2\/comments?post=729"}],"version-history":[{"count":1,"href":"https:\/\/ensino.ifg.edu.br\/projetoeja\/wp-json\/wp\/v2\/posts\/729\/revisions"}],"predecessor-version":[{"id":731,"href":"https:\/\/ensino.ifg.edu.br\/projetoeja\/wp-json\/wp\/v2\/posts\/729\/revisions\/731"}],"wp:featuredmedia":[{"embeddable":true,"href":"https:\/\/ensino.ifg.edu.br\/projetoeja\/wp-json\/wp\/v2\/media\/730"}],"wp:attachment":[{"href":"https:\/\/ensino.ifg.edu.br\/projetoeja\/wp-json\/wp\/v2\/media?parent=729"}],"wp:term":[{"taxonomy":"category","embeddable":true,"href":"https:\/\/ensino.ifg.edu.br\/projetoeja\/wp-json\/wp\/v2\/categories?post=729"},{"taxonomy":"post_tag","embeddable":true,"href":"https:\/\/ensino.ifg.edu.br\/projetoeja\/wp-json\/wp\/v2\/tags?post=729"}],"curies":[{"name":"wp","href":"https:\/\/api.w.org\/{rel}","templated":true}]}}