{"id":722,"date":"2021-03-26T19:00:50","date_gmt":"2021-03-26T22:00:50","guid":{"rendered":"http:\/\/ensino.ifg.edu.br\/projetoeja\/?p=722"},"modified":"2021-03-26T13:48:06","modified_gmt":"2021-03-26T16:48:06","slug":"projeto-iras-promove-palestra-sobre-medidas-restritivas-e-impactos-na-pandemia-da-covid-19","status":"publish","type":"post","link":"https:\/\/ensino.ifg.edu.br\/projetoeja\/2021\/03\/26\/projeto-iras-promove-palestra-sobre-medidas-restritivas-e-impactos-na-pandemia-da-covid-19\/","title":{"rendered":"Projeto IRAS promove palestra sobre medidas restritivas e impactos na pandemia da Covid-19"},"content":{"rendered":"<p>Transmiss\u00e3o ser\u00e1 feita pelo canal do projeto no YouTube: youtube.com\/projetoiras<!--more--><\/p>\n<p><img loading=\"lazy\" decoding=\"async\" class=\"alignnone size-full wp-image-723\" src=\"http:\/\/ensino.ifg.edu.br\/projetoeja\/wp-content\/uploads\/sites\/15\/2021\/03\/IRAS-Live-30-03-Destaque-Site-IFG.png\" alt=\"IRAS--Live-30-03-Destaque-Site-IFG\" width=\"924\" height=\"520\" \/><\/p>\n<p>A equipe do Projeto IRAS (Infec\u00e7\u00f5es Relacionadas \u00e0 Assist\u00eancia \u00e0 Sa\u00fade) vai realizar na pr\u00f3xima ter\u00e7a-feira, 30, uma palestra\u00a0<em>on-line\u00a0<\/em>sobre\u00a0<em>Medidas restritivas e seus impactos na pandemia da Covid-19: mais infectados, mais mortos e a emerg\u00eancia de uma cepa mais perigosa do SARS-CoV-2.<\/em>\u00a0O evento ser\u00e1 realizado das 19 \u00e0s 20 horas, no canal do projeto no YouTube:\u00a0<a href=\"http:\/\/www.youtube.com\/projetoiras\">www.youtube.com\/projetoiras<\/a>.<\/p>\n<p>O palestrante ser\u00e1 o professor Bruno Campello de Souza. Ele \u00e9 professor da Universidade Federal de Pernambuco (UFPE),\u00a0 mestre e doutor em psicologia cognitiva. \u00c9 professor do programa de p\u00f3s-gradua\u00e7\u00e3o em Administra\u00e7\u00e3o e do mestrado na mesma \u00e1rea da UFPE. O mediador ser\u00e1 o professor\u00a0 do IFG e coordenador do projeto, Geraldo Andrade de Oliveira.<\/p>\n<p>Mais informa\u00e7\u00f5es sobre o projeto IRAS, no site:\u00a0<a href=\"http:\/\/projetoirasifg.com.br\/\">http:\/\/projetoirasifg.com.br\/<\/a><\/p>\n<p>Canal do projeto no YouTube:\u00a0<a href=\"http:\/\/www.youtube.com\/projetoiras\">www.youtube.com\/projetoiras<\/a><\/p>\n<p><em>\u00a0<\/em><\/p>\n<p><em>Assessoria de Comunica\u00e7\u00e3o Social\/ Projeto IRAS IFG \u2013 Minist\u00e9rio da Sa\u00fade<\/em><\/p>\n<p><em>\u00a0<\/em><\/p>\n<p><em>*O projeto IRAS \u00e9 realizado com recursos do Minist\u00e9rio da Sa\u00fade<\/em><\/p>\n","protected":false},"excerpt":{"rendered":"<p>Transmiss\u00e3o ser\u00e1 feita pelo canal do projeto no YouTube: youtube.com\/projetoiras<\/p>\n","protected":false},"author":34,"featured_media":723,"comment_status":"open","ping_status":"open","sticky":false,"template":"","format":"standard","meta":{"footnotes":""},"categories":[62,59,1,81],"tags":[],"class_list":["post-722","post","type-post","status-publish","format-standard","has-post-thumbnail","hentry","category-ifg","category-live","category-news","category-rede-federal"],"_links":{"self":[{"href":"https:\/\/ensino.ifg.edu.br\/projetoeja\/wp-json\/wp\/v2\/posts\/722"}],"collection":[{"href":"https:\/\/ensino.ifg.edu.br\/projetoeja\/wp-json\/wp\/v2\/posts"}],"about":[{"href":"https:\/\/ensino.ifg.edu.br\/projetoeja\/wp-json\/wp\/v2\/types\/post"}],"author":[{"embeddable":true,"href":"https:\/\/ensino.ifg.edu.br\/projetoeja\/wp-json\/wp\/v2\/users\/34"}],"replies":[{"embeddable":true,"href":"https:\/\/ensino.ifg.edu.br\/projetoeja\/wp-json\/wp\/v2\/comments?post=722"}],"version-history":[{"count":2,"href":"https:\/\/ensino.ifg.edu.br\/projetoeja\/wp-json\/wp\/v2\/posts\/722\/revisions"}],"predecessor-version":[{"id":725,"href":"https:\/\/ensino.ifg.edu.br\/projetoeja\/wp-json\/wp\/v2\/posts\/722\/revisions\/725"}],"wp:featuredmedia":[{"embeddable":true,"href":"https:\/\/ensino.ifg.edu.br\/projetoeja\/wp-json\/wp\/v2\/media\/723"}],"wp:attachment":[{"href":"https:\/\/ensino.ifg.edu.br\/projetoeja\/wp-json\/wp\/v2\/media?parent=722"}],"wp:term":[{"taxonomy":"category","embeddable":true,"href":"https:\/\/ensino.ifg.edu.br\/projetoeja\/wp-json\/wp\/v2\/categories?post=722"},{"taxonomy":"post_tag","embeddable":true,"href":"https:\/\/ensino.ifg.edu.br\/projetoeja\/wp-json\/wp\/v2\/tags?post=722"}],"curies":[{"name":"wp","href":"https:\/\/api.w.org\/{rel}","templated":true}]}}