{"id":2759,"date":"2024-12-18T18:44:00","date_gmt":"2024-12-18T21:44:00","guid":{"rendered":"https:\/\/ensino.ifg.edu.br\/projetoeja\/?p=2759"},"modified":"2025-02-12T14:26:31","modified_gmt":"2025-02-12T17:26:31","slug":"importancia-da-eja-e-destacada-em-solenidade-do-projeto-almeja","status":"publish","type":"post","link":"https:\/\/ensino.ifg.edu.br\/projetoeja\/2024\/12\/18\/importancia-da-eja-e-destacada-em-solenidade-do-projeto-almeja\/","title":{"rendered":"Import\u00e2ncia da EJA \u00e9 destacada em solenidade do Projeto AlmEJA"},"content":{"rendered":"\n<p>Cerim\u00f4nia de certifica\u00e7\u00e3o e encerramento do projeto desenvolvido pela Proen foi realizada nesta ter\u00e7a-feira, 17<\/p>\n\n\n\n<figure class=\"wp-block-image size-large\"><img loading=\"lazy\" decoding=\"async\" width=\"1024\" height=\"683\" src=\"https:\/\/ensino.ifg.edu.br\/projetoeja\/wp-content\/uploads\/sites\/15\/2024\/12\/Foto-Almeja-14-1024x683.jpg\" alt=\"\" class=\"wp-image-2766\" srcset=\"https:\/\/ensino.ifg.edu.br\/projetoeja\/wp-content\/uploads\/sites\/15\/2024\/12\/Foto-Almeja-14-1024x683.jpg 1024w, https:\/\/ensino.ifg.edu.br\/projetoeja\/wp-content\/uploads\/sites\/15\/2024\/12\/Foto-Almeja-14-300x200.jpg 300w, https:\/\/ensino.ifg.edu.br\/projetoeja\/wp-content\/uploads\/sites\/15\/2024\/12\/Foto-Almeja-14-768x512.jpg 768w, https:\/\/ensino.ifg.edu.br\/projetoeja\/wp-content\/uploads\/sites\/15\/2024\/12\/Foto-Almeja-14-1536x1024.jpg 1536w, https:\/\/ensino.ifg.edu.br\/projetoeja\/wp-content\/uploads\/sites\/15\/2024\/12\/Foto-Almeja-14-750x500.jpg 750w, https:\/\/ensino.ifg.edu.br\/projetoeja\/wp-content\/uploads\/sites\/15\/2024\/12\/Foto-Almeja-14.jpg 2048w\" sizes=\"(max-width: 1024px) 100vw, 1024px\" \/><\/figure>\n\n\n\n<p><\/p>\n\n\n\n<p>O Instituto Federal de Goi\u00e1s (IFG), por meio da Pr\u00f3-Reitoria de Ensino (Proen), realizou na tarde desta ter\u00e7a-feira, 17 de dezembro, a cerim\u00f4nia de certifica\u00e7\u00e3o e encerramento do Projeto Forma\u00e7\u00e3o Inicial e Continuada Integrada ao Ensino Fundamental na Modalidade de Educa\u00e7\u00e3o de Jovens e Adultos das Redes Municipais de Ensino de Goi\u00e1s AlmEJA. A solenidade, que aconteceu na Reitoria do IFG, contou com a presen\u00e7a de gestores do IFG e do estado de Goi\u00e1s, al\u00e9m de discentes dos cursos ofertados ao longo de 2024 e, tamb\u00e9m, de servidores que trabalharam no Projeto.<\/p>\n\n\n\n<figure class=\"wp-block-image size-large\"><img loading=\"lazy\" decoding=\"async\" width=\"1024\" height=\"683\" src=\"https:\/\/ensino.ifg.edu.br\/projetoeja\/wp-content\/uploads\/sites\/15\/2024\/12\/470179633_986893086810475_5203647903152890762_n-1024x683.jpg\" alt=\"\" class=\"wp-image-2765\" srcset=\"https:\/\/ensino.ifg.edu.br\/projetoeja\/wp-content\/uploads\/sites\/15\/2024\/12\/470179633_986893086810475_5203647903152890762_n-1024x683.jpg 1024w, https:\/\/ensino.ifg.edu.br\/projetoeja\/wp-content\/uploads\/sites\/15\/2024\/12\/470179633_986893086810475_5203647903152890762_n-300x200.jpg 300w, https:\/\/ensino.ifg.edu.br\/projetoeja\/wp-content\/uploads\/sites\/15\/2024\/12\/470179633_986893086810475_5203647903152890762_n-768x512.jpg 768w, https:\/\/ensino.ifg.edu.br\/projetoeja\/wp-content\/uploads\/sites\/15\/2024\/12\/470179633_986893086810475_5203647903152890762_n-1536x1024.jpg 1536w, https:\/\/ensino.ifg.edu.br\/projetoeja\/wp-content\/uploads\/sites\/15\/2024\/12\/470179633_986893086810475_5203647903152890762_n-750x500.jpg 750w, https:\/\/ensino.ifg.edu.br\/projetoeja\/wp-content\/uploads\/sites\/15\/2024\/12\/470179633_986893086810475_5203647903152890762_n.jpg 2048w\" sizes=\"(max-width: 1024px) 100vw, 1024px\" \/><\/figure>\n\n\n\n<p><\/p>\n\n\n\n<p>Participaram da cerim\u00f4nia e compuseram a mesa diretiva do evento a reitora do IFG, Oneida Irigon; a pr\u00f3-reitora de Ensino, Maria Valeska Lopes Viana; a coordenadora-geral do Projeto e pedagoga da Proen, K\u00eania Hidalgo; o gerente de Educa\u00e7\u00e3o de Jovens e Adultos da Secretaria de Estado da Educa\u00e7\u00e3o de Goi\u00e1s, professor Divino Bueno; e a diretora da Unidade Prisional Regional Feminina de Luzi\u00e2nia, a policial penal Luana Rayka de Sousa Costa Machado. Durante a solenidade, alunos de diversas cidades receberam a certifica\u00e7\u00e3o simb\u00f3lica referente aos cursos realizados.<\/p>\n\n\n\n<p><\/p>\n\n\n\n<p><strong>Import\u00e2ncia da EJA<\/strong><\/p>\n\n\n\n<p>A import\u00e2ncia da modalidade de Educa\u00e7\u00e3o de Jovens e Adultos esteve presente nos discursos de todos os participantes que estiveram na solenidade de certifica\u00e7\u00e3o que aconteceu no IFG. A coordenadora pedag\u00f3gica, Rosselini Ribeiro, falou da import\u00e2ncia dos cursos e destacou a relev\u00e2ncia da proximidade pedag\u00f3gica com o p\u00fablico que participa dos cursos e a qualidade do ensino dos cursos que s\u00e3o ofertados pelo Projeto.<\/p>\n\n\n\n<p>A pedagoga K\u00eania Hidalgo, coordenadora-geral do Projeto, durante seu discurso, falou sobre o perfil dos cursistas, apresentou os dados sobre as forma\u00e7\u00f5es ofertadas e destacou a import\u00e2ncia dos cursos ofertados: \u201cs\u00e3o cursos que primam pela qualidade, levando em conta a forma\u00e7\u00e3o humana integral dos sujeitos da EJA, e que contribuem com a forma\u00e7\u00e3o profissional dos estudantes\u201d.<\/p>\n\n\n\n<p>K\u00eania tamb\u00e9m falou um pouco do livro que ser\u00e1 feito pelos cursistas, <a href=\"https:\/\/editora.ifg.edu.br\/editoraifg\/catalog\/book\/educacao-jovens-adultos\">da mesma forma que aconteceu com as turmas que se formaram nos anos anteriores do Projeto<\/a>, e fez um convite para que os concluintes dos cursos escrevam seus artigos. A obra, de acordo com a coordenadora, deve ficar pronta no primeiro semestre de 2025.<\/p>\n\n\n\n<p>A diretora da Unidade Prisional Regional Feminina de Luzi\u00e2nia, Luana Rayka, representou as 29 internas da Unidade que fizeram o curso de Inform\u00e1tica Essencial ofertado pelo Projeto. Como tinha ressaltado a coordenadora-geral do Projeto AlmEJA, \u201cfoi a primeira vez que o Projeto ofertou curso para o p\u00fablico do sistema prisional\u201d.<\/p>\n\n\n\n<figure class=\"wp-block-image\"><img decoding=\"async\" src=\"https:\/\/www.ifg.edu.br\/images\/Almejamesa2.jpg\" alt=\"\" \/><\/figure>\n\n\n\n<p><\/p>\n\n\n\n<p>Luana Rayka falou da import\u00e2ncia de o Projeto AlmEJA ser desenvolvido no sistema prisional e destacou: \u201cmuitas internas t\u00eam dificuldades, mas prezamos o investimento na ressocializa\u00e7\u00e3o, na educa\u00e7\u00e3o para que elas possam ter um futuro melhor quando sa\u00edrem de l\u00e1, e o IFG \u00e9 um parceiro nesse campo\u201d.<\/p>\n\n\n\n<p>Como destacou a pr\u00f3-reitora Maria Valeska, \u201cesse projeto \u00e9 muito querido para todos n\u00f3s, pois ele faz parte de um conjunto de a\u00e7\u00f5es que o IFG desenvolve em nome da EJA\u201d. Falando da import\u00e2ncia da Educa\u00e7\u00e3o de Jovens e Adultos, a gestora enfatizou: \u201ca oferta da EJA \u00e9 um objetivo dos Institutos Federais, e o IFG toma para si esse objetivo de ofertar uma educa\u00e7\u00e3o de qualidade e vai al\u00e9m, ao ofertar mais do que a lei solicita\u201d. Relembrando que as portas da Institui\u00e7\u00e3o est\u00e3o abertas para o p\u00fablico da EJA, a gestora ressaltou: \u201ca escola \u00e9 para voc\u00eas, jovens e adultos que tiveram que largar seus estudos. O IFG \u00e9 para voc\u00eas! A educa\u00e7\u00e3o \u00e9 um direito inalien\u00e1vel\u201d.<\/p>\n\n\n\n<p>O gerente de Educa\u00e7\u00e3o de Jovens e Adultos da Seduc, Divino Bueno, destacou a import\u00e2ncia da parceria com o IFG na oferta dos cursos do Projeto: \u201cs\u00e3o v\u00e1rios momentos de parceria, e esse especificamente \u00e9 muito especial\u201d. Falando do curso de forma\u00e7\u00e3o continuada de 180 horas para servidores da Educa\u00e7\u00e3o, Divino pontuou que \u201ca qualidade do curso, do conte\u00fado, dos professores \u00e9 muito boa. Ele vem contribuir com o universo da EJA, tanto para os servidores quanto para os alunos que ser\u00e3o atendidos por esses servidores\u201d.<\/p>\n\n\n\n<figure class=\"wp-block-image\"><img decoding=\"async\" src=\"https:\/\/www.ifg.edu.br\/images\/AlmejaFoto-mesa.jpg\" alt=\"\" \/><\/figure>\n\n\n\n<p><sup><em>Reitora do IFG participa da solenidade promovida pelo Projeto AlmEJA<\/em><\/sup><\/p>\n\n\n\n<p>A professora e reitora do IFG, Oneida Irigon, durante sua fala, relembrou um pouco o in\u00edcio do Projeto e, mencionando o que Maria Valeska tinha pontuado, ressaltou: \u201co IFG \u00e9 \u00fanico Instituto que ultrapassa o percentual legal da oferta de cursos da EJA no Brasil. [&#8230;] No IFG, entendemos que a oferta da EJA vai al\u00e9m da forma\u00e7\u00e3o t\u00e9cnica. Ela apresenta uma oportunidade para corrigir desigualdades hist\u00f3ricas e promover a emancipa\u00e7\u00e3o de sujeitos que, por diversas raz\u00f5es, tiveram seu acesso \u00e0 educa\u00e7\u00e3o interrompido\u201d.<\/p>\n\n\n\n<p>Agradecendo a K\u00eania pelo empenho na coordena\u00e7\u00e3o-geral do Projeto, Oneida lembrou que o Projeto j\u00e1 est\u00e1 em sua terceira certifica\u00e7\u00e3o e que muito ainda ser\u00e1 feito nessa \u00e1rea: \u201cA educa\u00e7\u00e3o \u00e9 mais que um direito; \u00e9 uma ferramenta de transforma\u00e7\u00e3o e pode promover a emancipa\u00e7\u00e3o dos sujeitos. E o Projeto Almeja permite que os estudantes desenvolvam o pensamento cr\u00edtico, uma forma\u00e7\u00e3o integral, omnilateral que desperta a criticidade e a compreens\u00e3o de mundo. Sa\u00edmos dessa certifica\u00e7\u00e3o mais fortalecidos. A gente ensina, mas aprende com voc\u00eas. \u00c9 uma soma de conhecimento que fortalece a sociedade\u201d, afirmou.<\/p>\n\n\n\n<p><strong>Projeto AlmEJA<\/strong><\/p>\n\n\n\n<p>O Projeto Almeja ofertou em 2024 curso de forma\u00e7\u00e3o continuada sobre a EJA para servidores da educa\u00e7\u00e3o e curso de Inform\u00e1tica Essencial para alunos dos cursos EJA. Os cursos foram ofertados em diversas cidades do estado de Goi\u00e1s, al\u00e9m da Unidade Prisional Regional Feminina de Luzi\u00e2nia. A iniciativa buscou aprimorar a aprendizagem e garantir o desenvolvimento integral dos sujeitos da Educa\u00e7\u00e3o de Jovens e Adultos, contribuindo com a forma\u00e7\u00e3o e a qualifica\u00e7\u00e3o profissional dos estudantes da EJA.<\/p>\n\n\n\n<p>Voltado ao desenvolvimento de a\u00e7\u00f5es para a implementa\u00e7\u00e3o da Pol\u00edtica de Educa\u00e7\u00e3o de Jovens e Adultos (EJA), o Projeto foi selecionado pela Secretaria de Educa\u00e7\u00e3o B\u00e1sica (SEB) do Minist\u00e9rio da Educa\u00e7\u00e3o (MEC), a partir de uma proposta encaminhada pela Pr\u00f3-Reitoria de Ensino do IFG no final do ano de 2019.&nbsp;<\/p>\n\n\n\n<p>Com recursos de Termos de Execu\u00e7\u00e3o Descentralizada do Fundo Nacional de Desenvolvimento da Educa\u00e7\u00e3o (FNDE), o AlmEJA oferta cursos de Forma\u00e7\u00e3o Continuada para servidores do IFG e para professores das Redes Municipais e Estadual de Goi\u00e1s e, tamb\u00e9m, a oferta de cursos FIC integrados ao Ensino Fundamental (anos finais) e Ensino M\u00e9dio para os estudantes da EJA. Ao todo, em 2024, foram ofertadas pelo Projeto 225 vagas para profissionais da Educa\u00e7\u00e3o e 360 vagas para os estudantes da modalidade de Educa\u00e7\u00e3o de Jovens e Adultos (EJA).<\/p>\n\n\n\n<p>Participam do Projeto os c\u00e2mpus An\u00e1polis, Aparecida de Goi\u00e2nia, Cidade de Goi\u00e1s, Goi\u00e2nia Oeste, Inhumas, Itumbiara, Jata\u00ed, Luzi\u00e2nia, Urua\u00e7u e Senador Canedo, al\u00e9m das secretarias de Educa\u00e7\u00e3o dessas respectivas localidades e, ainda, dos munic\u00edpios de Goiatuba, Caldas Novas e Trindade.<\/p>\n\n\n\n<p>&nbsp;Veja algumas fotos do evento no Facebook:&nbsp;<a href=\"https:\/\/www.facebook.com\/IFG.oficial\/photos\/\">https:\/\/www.facebook.com\/IFG.oficial\/photos\/<\/a>&nbsp;<\/p>\n\n\n\n<p><\/p>\n\n\n\n<p><em>Diretoria de Comunica\u00e7\u00e3o Social \/ Reitoria.<\/em><\/p>\n","protected":false},"excerpt":{"rendered":"<p>Cerim\u00f4nia de certifica\u00e7\u00e3o e encerramento do projeto desenvolvido pela Proen foi realizada nesta ter\u00e7a-feira, 17 O Instituto Federal de Goi\u00e1s (IFG), por meio da Pr\u00f3-Reitoria de Ensino (Proen), realizou na tarde desta ter\u00e7a-feira, 17 de dezembro, a cerim\u00f4nia de certifica\u00e7\u00e3o e encerramento do Projeto Forma\u00e7\u00e3o Inicial e Continuada Integrada ao Ensino Fundamental na Modalidade de <a href=\"https:\/\/ensino.ifg.edu.br\/projetoeja\/2024\/12\/18\/importancia-da-eja-e-destacada-em-solenidade-do-projeto-almeja\/\" rel=\"nofollow\"><span class=\"sr-only\">Leia mais sobreImport\u00e2ncia da EJA \u00e9 destacada em solenidade do Projeto AlmEJA<\/span>[&hellip;]<\/a><\/p>\n","protected":false},"author":34,"featured_media":2762,"comment_status":"closed","ping_status":"closed","sticky":false,"template":"","format":"standard","meta":{"footnotes":""},"categories":[98,1],"tags":[],"class_list":["post-2759","post","type-post","status-publish","format-standard","has-post-thumbnail","hentry","category-ept","category-news"],"_links":{"self":[{"href":"https:\/\/ensino.ifg.edu.br\/projetoeja\/wp-json\/wp\/v2\/posts\/2759"}],"collection":[{"href":"https:\/\/ensino.ifg.edu.br\/projetoeja\/wp-json\/wp\/v2\/posts"}],"about":[{"href":"https:\/\/ensino.ifg.edu.br\/projetoeja\/wp-json\/wp\/v2\/types\/post"}],"author":[{"embeddable":true,"href":"https:\/\/ensino.ifg.edu.br\/projetoeja\/wp-json\/wp\/v2\/users\/34"}],"replies":[{"embeddable":true,"href":"https:\/\/ensino.ifg.edu.br\/projetoeja\/wp-json\/wp\/v2\/comments?post=2759"}],"version-history":[{"count":4,"href":"https:\/\/ensino.ifg.edu.br\/projetoeja\/wp-json\/wp\/v2\/posts\/2759\/revisions"}],"predecessor-version":[{"id":2769,"href":"https:\/\/ensino.ifg.edu.br\/projetoeja\/wp-json\/wp\/v2\/posts\/2759\/revisions\/2769"}],"wp:featuredmedia":[{"embeddable":true,"href":"https:\/\/ensino.ifg.edu.br\/projetoeja\/wp-json\/wp\/v2\/media\/2762"}],"wp:attachment":[{"href":"https:\/\/ensino.ifg.edu.br\/projetoeja\/wp-json\/wp\/v2\/media?parent=2759"}],"wp:term":[{"taxonomy":"category","embeddable":true,"href":"https:\/\/ensino.ifg.edu.br\/projetoeja\/wp-json\/wp\/v2\/categories?post=2759"},{"taxonomy":"post_tag","embeddable":true,"href":"https:\/\/ensino.ifg.edu.br\/projetoeja\/wp-json\/wp\/v2\/tags?post=2759"}],"curies":[{"name":"wp","href":"https:\/\/api.w.org\/{rel}","templated":true}]}}