{"id":237,"date":"2020-11-30T19:00:06","date_gmt":"2020-11-30T22:00:06","guid":{"rendered":"http:\/\/ensino.ifg.edu.br\/projetoeja\/?p=237"},"modified":"2020-11-30T18:46:12","modified_gmt":"2020-11-30T21:46:12","slug":"saude-e-educacao-sao-temas-de-live-da-associacao-nacional-de-pos-graduacao-e-pesquisa-em-educacao","status":"publish","type":"post","link":"https:\/\/ensino.ifg.edu.br\/projetoeja\/2020\/11\/30\/saude-e-educacao-sao-temas-de-live-da-associacao-nacional-de-pos-graduacao-e-pesquisa-em-educacao\/","title":{"rendered":"Sa\u00fade e Educa\u00e7\u00e3o s\u00e3o temas de live da Associa\u00e7\u00e3o Nacional de P\u00f3s-Gradua\u00e7\u00e3o e Pesquisa em Educa\u00e7\u00e3o"},"content":{"rendered":"<p>Com o tema \u201cSa\u00fade e Educa\u00e7\u00e3o: desafios em tempos de emerg\u00eancia\u201d,\u00a0a live promovida pela ANPEd ser\u00e1 realizada nesta quarta-feira, 2 de dezembro, \u00e0s 16h<!--more--><\/p>\n<p><img loading=\"lazy\" decoding=\"async\" class=\"alignnone size-full wp-image-238\" src=\"http:\/\/ensino.ifg.edu.br\/projetoeja\/wp-content\/uploads\/sites\/15\/2020\/11\/anped.png\" alt=\"anped\" width=\"1080\" height=\"1141\" \/><\/p>\n<div>\n<div>\n<p>A Associa\u00e7\u00e3o Nacional de P\u00f3s-Gradua\u00e7\u00e3o e Pesquisa em Educa\u00e7\u00e3o promove na pr\u00f3xima quarta-feira, 2 de dezembro,\u00a0mais uma edi\u00e7\u00e3o da\u00a0<strong>Live ANPEd Presente na Quarentena.\u00a0<\/strong>Desta vez, o tema ser\u00e1\u00a0\u201cSa\u00fade e Educa\u00e7\u00e3o: desafios em tempos de emerg\u00eancia\u201d. Os\u00a0convidados ser\u00e3o Gulnar Azevedo e\u00a0Naomar Almeida Filho, presidente e vice da Associa\u00e7\u00e3o Brasileira de Sa\u00fade Coletiva (Abrasco),\u00a0Andr\u00e9 L\u00e1zaro (UERJ),\u00a0Heleno Ara\u00fajo (CNTE) e Miriam F\u00e1bia Alves (ANPEd), com media\u00e7\u00e3o de Geovana Lunardi, presidente da ANPEd. A atividade, que contar\u00e1 com tradu\u00e7\u00e3o de libras, integra a programa\u00e7\u00e3o especial do m\u00eas de dezembro, com o tema &#8220;2020: um ano em ensino emergencial remoto&#8221;.<\/p>\n<\/div>\n<div>A transmiss\u00e3o ser\u00e1 realizada pelo\u00a0<a href=\"https:\/\/www.facebook.com\/anped.educacao\/\">Facebook\u00a0<\/a>e pelo\u00a0<a href=\"https:\/\/www.youtube.com\/channel\/UCtytT97deMEYG2lPZ0H87Mw\">canal do YouTube<\/a>\u00a0da ANPEd, simultaneamente.<\/div>\n<\/div>\n<div>\n<p>O projeto Live ANPEd Presente na Quarentena estreou no dia 15 de abril, promovendo semanalmente, toda quarta-feira \u00e0s 16h, importantes debates sobre educa\u00e7\u00e3o no contexto da pandemia.\u00a0<a href=\"https:\/\/www.youtube.com\/playlist?list=PL4Nxn25kHcCgnSeKcV1hDqD8yFsejCgpl\">Clique aqui<\/a>\u00a0e acesse todos os v\u00eddeos das transmiss\u00f5es.<\/p>\n<\/div>\n<p><em>Com informa\u00e7\u00f5es de Ascom ANPEd.<\/em><\/p>\n<p><em>Comunica\u00e7\u00e3o do Projeto Forma\u00e7\u00e3o EJA\/IFG.<\/em><\/p>\n","protected":false},"excerpt":{"rendered":"<p>Com o tema \u201cSa\u00fade e Educa\u00e7\u00e3o: desafios em tempos de emerg\u00eancia\u201d,\u00a0a live promovida pela ANPEd ser\u00e1 realizada nesta quarta-feira, 2 de dezembro, \u00e0s 16h<\/p>\n","protected":false},"author":34,"featured_media":238,"comment_status":"open","ping_status":"open","sticky":false,"template":"","format":"standard","meta":{"footnotes":""},"categories":[1],"tags":[29,6,28,30,27],"class_list":["post-237","post","type-post","status-publish","format-standard","has-post-thumbnail","hentry","category-news","tag-desafios","tag-educacao","tag-educacao-emergencial","tag-live","tag-saude"],"_links":{"self":[{"href":"https:\/\/ensino.ifg.edu.br\/projetoeja\/wp-json\/wp\/v2\/posts\/237"}],"collection":[{"href":"https:\/\/ensino.ifg.edu.br\/projetoeja\/wp-json\/wp\/v2\/posts"}],"about":[{"href":"https:\/\/ensino.ifg.edu.br\/projetoeja\/wp-json\/wp\/v2\/types\/post"}],"author":[{"embeddable":true,"href":"https:\/\/ensino.ifg.edu.br\/projetoeja\/wp-json\/wp\/v2\/users\/34"}],"replies":[{"embeddable":true,"href":"https:\/\/ensino.ifg.edu.br\/projetoeja\/wp-json\/wp\/v2\/comments?post=237"}],"version-history":[{"count":3,"href":"https:\/\/ensino.ifg.edu.br\/projetoeja\/wp-json\/wp\/v2\/posts\/237\/revisions"}],"predecessor-version":[{"id":241,"href":"https:\/\/ensino.ifg.edu.br\/projetoeja\/wp-json\/wp\/v2\/posts\/237\/revisions\/241"}],"wp:featuredmedia":[{"embeddable":true,"href":"https:\/\/ensino.ifg.edu.br\/projetoeja\/wp-json\/wp\/v2\/media\/238"}],"wp:attachment":[{"href":"https:\/\/ensino.ifg.edu.br\/projetoeja\/wp-json\/wp\/v2\/media?parent=237"}],"wp:term":[{"taxonomy":"category","embeddable":true,"href":"https:\/\/ensino.ifg.edu.br\/projetoeja\/wp-json\/wp\/v2\/categories?post=237"},{"taxonomy":"post_tag","embeddable":true,"href":"https:\/\/ensino.ifg.edu.br\/projetoeja\/wp-json\/wp\/v2\/tags?post=237"}],"curies":[{"name":"wp","href":"https:\/\/api.w.org\/{rel}","templated":true}]}}