{"id":220,"date":"2020-11-27T11:27:46","date_gmt":"2020-11-27T14:27:46","guid":{"rendered":"http:\/\/ensino.ifg.edu.br\/projetoeja\/?p=220"},"modified":"2020-11-27T15:36:55","modified_gmt":"2020-11-27T18:36:55","slug":"unicamp-promove-aula-aberta-sobre-relacoes-sociais-e-agressoes-no-ambiente-virtual","status":"publish","type":"post","link":"https:\/\/ensino.ifg.edu.br\/projetoeja\/2020\/11\/27\/unicamp-promove-aula-aberta-sobre-relacoes-sociais-e-agressoes-no-ambiente-virtual\/","title":{"rendered":"Unicamp promove aula aberta sobre rela\u00e7\u00f5es sociais e agress\u00f5es no ambiente virtual"},"content":{"rendered":"<p>Evento \u00e9 voltado para professores, estudantes, pesquisadores educacionais e p\u00fablico em geral<!--more--><\/p>\n<p><img loading=\"lazy\" decoding=\"async\" class=\"alignnone size-full wp-image-221\" src=\"http:\/\/ensino.ifg.edu.br\/projetoeja\/wp-content\/uploads\/sites\/15\/2020\/11\/aula-01-12.png\" alt=\"aula-01-12\" width=\"1080\" height=\"1080\" \/><\/p>\n<p>A Faculdade de Educa\u00e7\u00e3o da Universidade Estadual de Campinas (Unicamp) promove no dia 1\u00ba de dezembro, ter\u00e7a-feira, uma aula aberta para falar do tema \u201cRela\u00e7\u00f5es Sociais e Agress\u00f5es no Ambiente Virtual: como a escola pode contribuir para a forma\u00e7\u00e3o da conviv\u00eancia \u00e9tica on-line?\u201d. A a\u00e7\u00e3o \u00e9 uma realiza\u00e7\u00e3o do Grupo de Estudos e Pesquisas em Educa\u00e7\u00e3o Moral e do Laborat\u00f3rio de Psicologia Gen\u00e9tica da Unicamp.<\/p>\n<blockquote><p>O evento ser\u00e1 transmitido pelo Canal do YouTube da Faculdade de Educa\u00e7\u00e3o da Unicamp, das 9h \u00e0s 11h30, pelo link <a href=\"https:\/\/youtu.be\/sZkJ846j4V4\">https:\/\/youtu.be\/sZkJ846j4V4<\/a><\/p>\n<p>A convidada ser\u00e1 a mestra e doutoranda do Programa de P\u00f3s-Gradua\u00e7\u00e3o em Educa\u00e7\u00e3o da Unicamp, Thais Bozza.<\/p><\/blockquote>\n<p>&nbsp;<\/p>\n<h3><strong>Por que falar desse tema?<\/strong><\/h3>\n<p>De acordo com os organizadores, a internet e as redes sociais possibilitaram novas formas de comunica\u00e7\u00e3o e socializa\u00e7\u00e3o, no entanto \u00e9 vis\u00edvel um aumento das agress\u00f5es virtuais, das situa\u00e7\u00f5es em que as pessoas s\u00e3o expostas, ofendidas, ridicularizadas na internet. Nesse sentido, pesquisas indicam que a rede social virtual \u00e9 um dos espa\u00e7os de conviv\u00eancia em que mais ocorre viol\u00eancia entre jovens, impactando, muitas vezes, as rela\u00e7\u00f5es presenciais e o ambiente escolar. Diante desse contexto, falar sobre esse tema, segundo os organizadores, \u00e9 necess\u00e1rio, para conhecermos e refletirmos sobre as diferentes formas de agress\u00e3o no ciberespa\u00e7o, al\u00e9m de pensarmos sobre o papel da escola diante dessa realidade, visando \u00e0 promo\u00e7\u00e3o da conviv\u00eancia \u00e9tica on-line.<\/p>\n<p><em>\u00a0<\/em><\/p>\n<p><em>Com informa\u00e7\u00f5es da p\u00e1gina de Eventos da Faculdade de Educa\u00e7\u00e3o da Unicamp.<\/em><\/p>\n<p><em>Comunica\u00e7\u00e3o do Projeto Forma\u00e7\u00e3o EJA\/IFG. <\/em><\/p>\n","protected":false},"excerpt":{"rendered":"<p>Evento \u00e9 voltado para professores, estudantes, pesquisadores educacionais e p\u00fablico em geral<\/p>\n","protected":false},"author":34,"featured_media":221,"comment_status":"open","ping_status":"open","sticky":false,"template":"","format":"standard","meta":{"footnotes":""},"categories":[1],"tags":[17,6,16,15,18,8],"class_list":["post-220","post","type-post","status-publish","format-standard","has-post-thumbnail","hentry","category-news","tag-ciberespaco","tag-educacao","tag-etica","tag-formacao","tag-relacoes-sociais","tag-unicamp"],"_links":{"self":[{"href":"https:\/\/ensino.ifg.edu.br\/projetoeja\/wp-json\/wp\/v2\/posts\/220"}],"collection":[{"href":"https:\/\/ensino.ifg.edu.br\/projetoeja\/wp-json\/wp\/v2\/posts"}],"about":[{"href":"https:\/\/ensino.ifg.edu.br\/projetoeja\/wp-json\/wp\/v2\/types\/post"}],"author":[{"embeddable":true,"href":"https:\/\/ensino.ifg.edu.br\/projetoeja\/wp-json\/wp\/v2\/users\/34"}],"replies":[{"embeddable":true,"href":"https:\/\/ensino.ifg.edu.br\/projetoeja\/wp-json\/wp\/v2\/comments?post=220"}],"version-history":[{"count":3,"href":"https:\/\/ensino.ifg.edu.br\/projetoeja\/wp-json\/wp\/v2\/posts\/220\/revisions"}],"predecessor-version":[{"id":224,"href":"https:\/\/ensino.ifg.edu.br\/projetoeja\/wp-json\/wp\/v2\/posts\/220\/revisions\/224"}],"wp:featuredmedia":[{"embeddable":true,"href":"https:\/\/ensino.ifg.edu.br\/projetoeja\/wp-json\/wp\/v2\/media\/221"}],"wp:attachment":[{"href":"https:\/\/ensino.ifg.edu.br\/projetoeja\/wp-json\/wp\/v2\/media?parent=220"}],"wp:term":[{"taxonomy":"category","embeddable":true,"href":"https:\/\/ensino.ifg.edu.br\/projetoeja\/wp-json\/wp\/v2\/categories?post=220"},{"taxonomy":"post_tag","embeddable":true,"href":"https:\/\/ensino.ifg.edu.br\/projetoeja\/wp-json\/wp\/v2\/tags?post=220"}],"curies":[{"name":"wp","href":"https:\/\/api.w.org\/{rel}","templated":true}]}}