{"id":208,"date":"2020-11-24T11:40:55","date_gmt":"2020-11-24T14:40:55","guid":{"rendered":"http:\/\/ensino.ifg.edu.br\/projetoeja\/?p=208"},"modified":"2020-11-24T14:50:02","modified_gmt":"2020-11-24T17:50:02","slug":"faculdade-de-educacao-da-unicamp-promove-webinario-para-educadores-e-interessados-em-educacao","status":"publish","type":"post","link":"https:\/\/ensino.ifg.edu.br\/projetoeja\/2020\/11\/24\/faculdade-de-educacao-da-unicamp-promove-webinario-para-educadores-e-interessados-em-educacao\/","title":{"rendered":"Faculdade de Educa\u00e7\u00e3o da Unicamp promove webin\u00e1rio para educadores e interessados em educa\u00e7\u00e3o"},"content":{"rendered":"<p>Webin\u00e1rio &#8220;Reformas Educacionais e Epistemologia da Educa\u00e7\u00e3o Comparada&#8221; ser\u00e1 realizado no dia 30, segunda-feira<\/p>\n<p><!--more--><\/p>\n<p><img loading=\"lazy\" decoding=\"async\" class=\"alignnone size-full wp-image-210\" src=\"http:\/\/ensino.ifg.edu.br\/projetoeja\/wp-content\/uploads\/sites\/15\/2020\/11\/webnarios_gepale_30-11-1.jpeg\" alt=\"webnarios_gepale_30-11 (1)\" width=\"1080\" height=\"1080\" \/>Com o objetivo de apresentar uma discuss\u00e3o acerca das reformas educacionais brasileiras utilizando a educa\u00e7\u00e3o comparada, o Grupo de Estudos e Pesquisas em Pol\u00edtica e Avalia\u00e7\u00e3o Educacional (GEPALE) da Faculdade de Educa\u00e7\u00e3o da Unicamp promove o Webin\u00e1rio \u201cReformas Educacionais e Epistemologia da Educa\u00e7\u00e3o Comparada\u201d.<\/p>\n<p>O evento, que tem como p\u00fablico-alvo a comunidade de educadores e interessados em educa\u00e7\u00e3o, ser\u00e1 realizado no dia 30 de novembro, segunda-feira, das 17h30 \u00e0s 19h.<\/p>\n<p>&nbsp;<\/p>\n<p><strong>Inscri\u00e7\u00f5es<\/strong><\/p>\n<p>As inscri\u00e7\u00f5es, para quem desejar ter acesso ao certificado, podem ser feitas at\u00e9 o dia 27 de novembro no link: <a href=\"https:\/\/www.sympla.com.br\/reformas-educacionais-e-epistemologia-da-educacao-comparada__1043950\">Reformas Educacionais e Epistemologia da Educa\u00e7\u00e3o Comparada &#8211; Sympla<\/a>. De acordo com os organizadores do Webin\u00e1rio, a inscri\u00e7\u00e3o garante ao participante receber o link de acesso por e-mail no dia do evento e tamb\u00e9m propicia direito ao certificado. Ser\u00e3o emitidos os certificados aos participantes que preencherem a lista de presen\u00e7a, cujo link ser\u00e1 enviado por e-mail.<\/p>\n<p>A transmiss\u00e3o ser\u00e1 feita via YouTube, no canal do Gepale. O link de transmiss\u00e3o pode ser acessado <a href=\"https:\/\/www.youtube.com\/channel\/UCpyargaPvan3_Da1KMURA6Q\">aqui<\/a>.<\/p>\n<p>&nbsp;<\/p>\n<p>&nbsp;<\/p>\n<p><strong>Servi\u00e7o: <\/strong>Webin\u00e1rio \u201cReformas Educacionais e Epistemologia da Educa\u00e7\u00e3o Comparada\u201d<\/p>\n<p><strong>Data:<\/strong> 30\/11 \u2013\u00a017h30\u00a0a\u00a019h<\/p>\n<p><strong>Inscri\u00e7\u00f5es:<\/strong> At\u00e9\u00a027\/11, \u00e0s 17h30<\/p>\n<p><strong>Transmiss\u00e3o:<\/strong> Youtube do Gepale<\/p>\n<p><strong>Convidados:<\/strong><\/p>\n<ul>\n<li>Me. Taiani Vicentini (FURB)<\/li>\n<li>B\u00e1rbara Macedo (FURB)<\/li>\n<li>Me. Kevin Dos Santos Leyser (FURB)<\/li>\n<li>Media\u00e7\u00e3o: Dr. Adolfo Ramos Lamar (FURB)<\/li>\n<\/ul>\n<p><strong>Respons\u00e1veis:\u00a0<\/strong>Prof\u00aa Dr\u00aa D\u00e9bora Cristina Jeffrey (FE\/Unicamp)<\/p>\n<p><strong>Realiza\u00e7\u00e3o:\u00a0<\/strong>GEPALE &#8211; Grupo de Estudos e Pesquisas em Pol\u00edtica e Avalia\u00e7\u00e3o Educacional<\/p>\n<p><strong>Apoio:\u00a0<\/strong>Faculdade de Educa\u00e7\u00e3o\/Unicamp<\/p>\n<p><strong>Link da transmiss\u00e3o:\u00a0<\/strong><a href=\"https:\/\/www.youtube.com\/channel\/UCpyargaPvan3_Da1KMURA6Q\">https:\/\/www.youtube.com\/channel\/UCpyargaPvan3_Da1KMURA6Q<\/a><\/p>\n<p>&nbsp;<\/p>\n<p>&nbsp;<\/p>\n<p>Informa\u00e7\u00f5es: <a href=\"https:\/\/www.fe.unicamp.br\/eventos\/?q=eventos\">Eventos Unicamp.<\/a><\/p>\n<p><em>Comunica\u00e7\u00e3o do Projeto Forma\u00e7\u00e3o EJA\/IFG.<\/em><\/p>\n","protected":false},"excerpt":{"rendered":"<p>Webin\u00e1rio &#8220;Reformas Educacionais e Epistemologia da Educa\u00e7\u00e3o Comparada&#8221; ser\u00e1 realizado no dia 30, segunda-feira<\/p>\n","protected":false},"author":34,"featured_media":210,"comment_status":"open","ping_status":"open","sticky":false,"template":"","format":"standard","meta":{"footnotes":""},"categories":[1],"tags":[6,9,7,8],"class_list":["post-208","post","type-post","status-publish","format-standard","has-post-thumbnail","hentry","category-news","tag-educacao","tag-educacao-comparada","tag-epistemologia","tag-unicamp"],"_links":{"self":[{"href":"https:\/\/ensino.ifg.edu.br\/projetoeja\/wp-json\/wp\/v2\/posts\/208"}],"collection":[{"href":"https:\/\/ensino.ifg.edu.br\/projetoeja\/wp-json\/wp\/v2\/posts"}],"about":[{"href":"https:\/\/ensino.ifg.edu.br\/projetoeja\/wp-json\/wp\/v2\/types\/post"}],"author":[{"embeddable":true,"href":"https:\/\/ensino.ifg.edu.br\/projetoeja\/wp-json\/wp\/v2\/users\/34"}],"replies":[{"embeddable":true,"href":"https:\/\/ensino.ifg.edu.br\/projetoeja\/wp-json\/wp\/v2\/comments?post=208"}],"version-history":[{"count":3,"href":"https:\/\/ensino.ifg.edu.br\/projetoeja\/wp-json\/wp\/v2\/posts\/208\/revisions"}],"predecessor-version":[{"id":213,"href":"https:\/\/ensino.ifg.edu.br\/projetoeja\/wp-json\/wp\/v2\/posts\/208\/revisions\/213"}],"wp:featuredmedia":[{"embeddable":true,"href":"https:\/\/ensino.ifg.edu.br\/projetoeja\/wp-json\/wp\/v2\/media\/210"}],"wp:attachment":[{"href":"https:\/\/ensino.ifg.edu.br\/projetoeja\/wp-json\/wp\/v2\/media?parent=208"}],"wp:term":[{"taxonomy":"category","embeddable":true,"href":"https:\/\/ensino.ifg.edu.br\/projetoeja\/wp-json\/wp\/v2\/categories?post=208"},{"taxonomy":"post_tag","embeddable":true,"href":"https:\/\/ensino.ifg.edu.br\/projetoeja\/wp-json\/wp\/v2\/tags?post=208"}],"curies":[{"name":"wp","href":"https:\/\/api.w.org\/{rel}","templated":true}]}}