{"id":1237,"date":"2021-08-26T08:00:31","date_gmt":"2021-08-26T11:00:31","guid":{"rendered":"http:\/\/ensino.ifg.edu.br\/projetoeja\/?p=1237"},"modified":"2021-08-25T18:22:30","modified_gmt":"2021-08-25T21:22:30","slug":"alunos-atendidos-por-equipe-do-ibc-recebem-prescricoes-de-oculos-e-outros-recursos-especiais","status":"publish","type":"post","link":"https:\/\/ensino.ifg.edu.br\/projetoeja\/2021\/08\/26\/alunos-atendidos-por-equipe-do-ibc-recebem-prescricoes-de-oculos-e-outros-recursos-especiais\/","title":{"rendered":"Alunos atendidos por equipe do IBC recebem prescri\u00e7\u00f5es de \u00f3culos e outros recursos especiais"},"content":{"rendered":"<p>Resultado da parte de atendimento da parceria entre o IFG e o IBC foi apresentado na manh\u00e3 desta quarta-feira. Projeto segue com capacita\u00e7\u00e3o de servidores<!--more--><\/p>\n<p><img loading=\"lazy\" decoding=\"async\" class=\"alignnone size-full wp-image-1238\" src=\"http:\/\/ensino.ifg.edu.br\/projetoeja\/wp-content\/uploads\/sites\/15\/2021\/08\/Destaque-IBC.jpeg\" alt=\"Destaque-IBC\" width=\"1600\" height=\"900\" \/><\/p>\n<p>A maioria dos estudantes do Instituto Federal de Goi\u00e1s (IFG) que apresenta algum problema de vis\u00e3o e foi atendida por m\u00e9dicos especialistas do Instituto Benjamin Constant (IBC) teve o diagn\u00f3stico do problema e recebeu prescri\u00e7\u00e3o de \u00f3culos e\/ou outros recursos especiais, como telesc\u00f3pio, lupa e videomagnifica\u00e7\u00e3o (amplia\u00e7\u00e3o das imagens e texto com proje\u00e7\u00e3o em tela). \u00a0&#8220;Estaremos atentos aos resultados\u00a0e vamos atuar para garantir a continuidade do atendimento&#8221;, afirmou o reitor do IFG, professor Jer\u00f4nimo Rodrigues da Silva.<\/p>\n<p>Os resultados das consultas dos alunos do IFG foram apresentados na manh\u00e3 desta quarta-feira, pelo m\u00e9dico Rog\u00e9rio Neurauter, em encontro que reuniu parte das equipes do IBC e do IFG, envolvidas no Projeto Enxerga IF. Os alunos foram atendidos na segunda e ter\u00e7a-feira, no Centro de Refer\u00eancia em Oftalmologia da Universidade Federal de Goi\u00e1s (Cerof), que disponibilizou suas instala\u00e7\u00f5es e equipamentos para a realiza\u00e7\u00e3o dessa etapa do projeto. &#8220;O n\u00famero de atendimentos foi relativamente pequeno (18 pacientes), mas, como estamos tratando de um projeto-piloto, essa semente poder\u00e1 frutificar para trazer melhores condi\u00e7\u00f5es de vida aos alunos com baixa vis\u00e3o&#8221;, afirmou Rog\u00e9rio.<\/p>\n<p>O encontro serviu tamb\u00e9m para a oficializa\u00e7\u00e3o, com assinatura do acordo e do plano de trabalho, da parceria entre o IFG e\u00a0IBC, que \u00e9 a primeira a ser celebrada dentro do Projeto\u00a0Enxerga IF, para atendimento de alunos com baixa vis\u00e3o e para a capacita\u00e7\u00e3o de servidores para o acolhimento e a assist\u00eancia a esse p\u00fablico em todos os Institutos Federais. O IFG est\u00e1 executando o projeto-piloto, que deve ser estendido a toda Rede Federal de Educa\u00e7\u00e3o Profissional, Cient\u00edfica e Tecnol\u00f3gica.<\/p>\n<p>Pelo Projeto Enxerga IF, o IBC encarrega-se da avalia\u00e7\u00e3o m\u00e9dica dos estudantes com baixa vis\u00e3o e tamb\u00e9m da capacita\u00e7\u00e3o de\u00a0professores e t\u00e9cnicos administrativos para o atendimento a esse p\u00fablico espec\u00edfico. As institui\u00e7\u00f5es de ensino parceiras devem fazer a triagem pr\u00e9via dos estudantes com problemas de vis\u00e3o e dar o suporte para o atendimento. Devem tamb\u00e9m selecionar os seus servidores que v\u00e3o participar da forma\u00e7\u00e3o.<\/p>\n<p>Na reuni\u00e3o desta quarta-feira, o\u00a0reitor do IFG agradeceu mais uma vez ao presidente do IBC, Jo\u00e3o Ricardo Melo Figueiredo, e \u00e0 equipe que se deslocou do Rio de Janeiro at\u00e9 Goi\u00e2nia, composta por m\u00e9dicos oftalmologistas e por m\u00e9dicos residentes em oftalmologia. Segundo ele, a\u00a0parceria\u00a0deve ter continuidade, e o objetivo \u00e9, de fato, estend\u00ea-la a\u00a0toda Rede Federal. \u00a0&#8220;Vamos lutar para isso&#8221;, disse.<\/p>\n<p><img decoding=\"async\" src=\"https:\/\/www.ifg.edu.br\/images\/IBC-2.jpeg\" alt=\"\" \/><\/p>\n<p><em><sup>Presidente do IBC, Jo\u00e3o Ricardo Melo Figueiredo; reitor do IFG, professor Jer\u00f4nimo; e pr\u00f3-reitora de Ensino e reitora eleita, professora Oneida Irigon<\/sup><\/em><\/p>\n<p>O presidente do IBC disse estar muito feliz com o trabalho que foi realizado. &#8220;O IBC \u00e9 uma refer\u00eancia brasileira e tem contribu\u00eddo para a inclus\u00e3o de pessoas com defici\u00eancia visual na sociedade. E essa inclus\u00e3o tem de ser efetiva, o que exige atendimento eficaz, por parte das escolas, a esse p\u00fablico&#8221;, afirmou.<\/p>\n<p>Tanto o reitor do IFG quanto o presidente do IBC falaram tamb\u00e9m da proposta de incluir o IBC na Rede Federal de Educa\u00e7\u00e3o Profissional, Cient\u00edfica e Tecnol\u00f3gica.\u00a0O IBC \u00e9 um \u00f3rg\u00e3o do Minist\u00e9rio da Educa\u00e7\u00e3o, refer\u00eancia nacional na defici\u00eancia visual, com atua\u00e7\u00e3o desde a educa\u00e7\u00e3o b\u00e1sica at\u00e9 a p\u00f3s-gradua\u00e7\u00e3o. &#8220;Temos muitas semelhan\u00e7as&#8221;, afirmou Jo\u00e3o Ricardo.<\/p>\n<p>A pr\u00f3-reitora de Ensino do IFG, professora Oneida Irigon, reitora eleita, tamb\u00e9m participou da reuni\u00e3o e reafirmou o compromisso da Institui\u00e7\u00e3o com a educa\u00e7\u00e3o inclusiva. Ela elogiou o projeto por sua dupla abordagem: a busca da qualidade de vida do estudante com baixa vis\u00e3o e a qualifica\u00e7\u00e3o de servidores para o atendimento a esse p\u00fablico. &#8220;Estamos tratando da sa\u00fade e da educa\u00e7\u00e3o, ambas fundamentais para os indiv\u00edduos e para a sociedade&#8221;, resumiu.<\/p>\n<p>A capacita\u00e7\u00e3o para servidores, prevista na parceria do IFG com o IBC, ser\u00e1 realizada nesta quinta-feira, 26, e dia 31. Ser\u00e3o ministradas pela equipe do IBC oficinas no formato on-line.<\/p>\n<p>&nbsp;<\/p>\n<p>Saiba mais sobre a baixa vis\u00e3o.\u00a0<a href=\"http:\/\/www.ibc.gov.br\/fique-por-dentro\/693-um-universo-entre-outros-dois\">http:\/\/www.ibc.gov.br\/fique-por-dentro\/693-um-universo-entre-outros-dois<\/a><\/p>\n<p>Orienta\u00e7\u00f5es gerais a pais e professores.\u00a0<a href=\"http:\/\/www.ibc.gov.br\/fique-por-dentro\/695-orientacoes-para-pais-e-professores\">http:\/\/www.ibc.gov.br\/fique-por-dentro\/695-orientacoes-para-pais-e-professores<\/a><\/p>\n<p>&nbsp;<\/p>\n<p><em>Diretoria de Comunica\u00e7\u00e3o Social\/Reitoria.\u00a0<\/em><\/p>\n<p>&nbsp;<\/p>\n","protected":false},"excerpt":{"rendered":"<p>Resultado da parte de atendimento da parceria entre o IFG e o IBC foi apresentado na manh\u00e3 desta quarta-feira. Projeto segue com capacita\u00e7\u00e3o de servidores<\/p>\n","protected":false},"author":34,"featured_media":1238,"comment_status":"open","ping_status":"open","sticky":false,"template":"","format":"standard","meta":{"footnotes":""},"categories":[98,62,1,81],"tags":[],"class_list":["post-1237","post","type-post","status-publish","format-standard","has-post-thumbnail","hentry","category-ept","category-ifg","category-news","category-rede-federal"],"_links":{"self":[{"href":"https:\/\/ensino.ifg.edu.br\/projetoeja\/wp-json\/wp\/v2\/posts\/1237"}],"collection":[{"href":"https:\/\/ensino.ifg.edu.br\/projetoeja\/wp-json\/wp\/v2\/posts"}],"about":[{"href":"https:\/\/ensino.ifg.edu.br\/projetoeja\/wp-json\/wp\/v2\/types\/post"}],"author":[{"embeddable":true,"href":"https:\/\/ensino.ifg.edu.br\/projetoeja\/wp-json\/wp\/v2\/users\/34"}],"replies":[{"embeddable":true,"href":"https:\/\/ensino.ifg.edu.br\/projetoeja\/wp-json\/wp\/v2\/comments?post=1237"}],"version-history":[{"count":3,"href":"https:\/\/ensino.ifg.edu.br\/projetoeja\/wp-json\/wp\/v2\/posts\/1237\/revisions"}],"predecessor-version":[{"id":1241,"href":"https:\/\/ensino.ifg.edu.br\/projetoeja\/wp-json\/wp\/v2\/posts\/1237\/revisions\/1241"}],"wp:featuredmedia":[{"embeddable":true,"href":"https:\/\/ensino.ifg.edu.br\/projetoeja\/wp-json\/wp\/v2\/media\/1238"}],"wp:attachment":[{"href":"https:\/\/ensino.ifg.edu.br\/projetoeja\/wp-json\/wp\/v2\/media?parent=1237"}],"wp:term":[{"taxonomy":"category","embeddable":true,"href":"https:\/\/ensino.ifg.edu.br\/projetoeja\/wp-json\/wp\/v2\/categories?post=1237"},{"taxonomy":"post_tag","embeddable":true,"href":"https:\/\/ensino.ifg.edu.br\/projetoeja\/wp-json\/wp\/v2\/tags?post=1237"}],"curies":[{"name":"wp","href":"https:\/\/api.w.org\/{rel}","templated":true}]}}