{"id":632,"date":"2020-05-15T09:25:28","date_gmt":"2020-05-15T12:25:28","guid":{"rendered":"http:\/\/ensino.ifg.edu.br\/envolver\/?p=632"},"modified":"2020-05-15T09:27:18","modified_gmt":"2020-05-15T12:27:18","slug":"apoio-psicopedagogico-campus-uruacu","status":"publish","type":"post","link":"https:\/\/ensino.ifg.edu.br\/envolver\/2020\/05\/15\/apoio-psicopedagogico-campus-uruacu\/","title":{"rendered":"Apoio Psicopedag\u00f3gico &#8211; C\u00e2mpus Urua\u00e7u"},"content":{"rendered":"<div><img loading=\"lazy\" decoding=\"async\" class=\" wp-image-634 alignleft\" src=\"http:\/\/ensino.ifg.edu.br\/envolver\/wp-content\/uploads\/sites\/14\/2020\/05\/WhatsApp-Image-2020-05-12-at-09.01.25-1.jpeg\" alt=\"WhatsApp Image 2020-05-12 at 09.01.25\" width=\"478\" height=\"676\" \/>O aluno interessado em receber apoio, orienta\u00e7\u00e3o e acompanhamento, durante o per\u00edodo de distanciamento social, dever\u00e1 enviar um e-mail para\u00a0<span id=\"cloak76089\"><a href=\"mailto:capd.uruacu@ifg.edu.br\" target=\"_blank\">capd.uruacu@ifg.edu.br<\/a><\/span>. O atendimento virtual ocorre tamb\u00e9m pelo whatsapp da Coordena\u00e7\u00e3o de Apoio Pedag\u00f3gico ao Discente (CAPD): (62) 3357 8190.<\/div>\n<div><\/div>\n<div>O hor\u00e1rio preferencial de atendimento virtual ser\u00e1 de segunda a sexta-feira, das 7h \u00e0s 13h.<\/div>\n<div><\/div>\n<div>\n<div>Nesse acompanhamento psicopedag\u00f3gico on-line, a CAPD realiza as seguintes a\u00e7\u00f5es:<\/div>\n<div><\/div>\n<div>&#8211; repasse de informa\u00e7\u00f5es confi\u00e1veis sobre a situa\u00e7\u00e3o atual e sobre as decis\u00f5es institucionais para os estudantes e seus respons\u00e1veis;<\/div>\n<div><\/div>\n<div>&#8211; Atendimento aos alunos dos terceiros anos\u00a0 para orienta\u00e7\u00f5es quanto ao Enem.<\/div>\n<div><\/div>\n<div>&#8211; Envio de mensagens positivas e de sa\u00fade mental pelas redes sociais oficiais do IFG Urua\u00e7u.<\/div>\n<div><\/div>\n<div>&#8211; Orienta\u00e7\u00f5es quanto ao estudo aut\u00f4nomo e orientado, com indica\u00e7\u00f5es de sites de estudo e material para organiza\u00e7\u00e3o da rotina di\u00e1ria.<\/div>\n<div><\/div>\n<div>&#8211; Acolhimento e escuta ativa terap\u00eautica online para alunos que estiverem se sentindo depressivos, ansiosos, com dificuldade em lidar com a situa\u00e7\u00e3o de isolamento social e com as incertezas geradas pelo momento que vivenciamos. \u00c9 importante ressaltar que n\u00e3o se trata de psicoterapia, mas de um cuidado especial com a sa\u00fade emocional daqueles que necessitam. Os alunos interessados podem encaminhar um e-mail para\u00a0<span id=\"cloak16917\"><a href=\"mailto:cinthya.sousa@ifg.edu.br\" target=\"_blank\">cinthya.sousa@ifg.edu.br<\/a><\/span>, informando o dia da semana e o hor\u00e1rio dispon\u00edvel, durante o turno matutino, e aguardar o contato da profissional respons\u00e1vel, que far\u00e1 o agendamento, assim que for poss\u00edvel.<\/div>\n<div><\/div>\n<div><strong>Equipe de atendimento:\u00a0<\/strong><\/div>\n<div>Cinthya Oliveira \u2013 Psic\u00f3loga<br \/>\nLeonardo Teles- Int\u00e9rprete de Libras<br \/>\nLuiz Rog\u00e9rio \u2013 Assistente de aluno<br \/>\nMarcilene Dias \u2013 T\u00e9cnica em Assuntos Educacionais<br \/>\nV\u00e2nia Cl\u00e1udia &#8211; Pedagoga<\/div>\n<\/div>\n","protected":false},"excerpt":{"rendered":"<p>O aluno interessado em receber apoio, orienta\u00e7\u00e3o e acompanhamento, durante o per\u00edodo de distanciamento social, dever\u00e1 enviar um e-mail para\u00a0capd.uruacu@ifg.edu.br. O atendimento virtual ocorre tamb\u00e9m pelo whatsapp da Coordena\u00e7\u00e3o de Apoio Pedag\u00f3gico ao Discente (CAPD): (62) 3357 8190. O hor\u00e1rio preferencial de atendimento virtual ser\u00e1 de segunda a sexta-feira, das 7h \u00e0s 13h. Nesse acompanhamento <a href=\"https:\/\/ensino.ifg.edu.br\/envolver\/2020\/05\/15\/apoio-psicopedagogico-campus-uruacu\/\" rel=\"nofollow\"><span class=\"sr-only\">Leia mais sobreApoio Psicopedag\u00f3gico &#8211; C\u00e2mpus Urua\u00e7u<\/span>[&hellip;]<\/a><\/p>\n","protected":false},"author":11,"featured_media":0,"comment_status":"open","ping_status":"open","sticky":false,"template":"","format":"standard","meta":{"footnotes":""},"categories":[1],"tags":[],"class_list":["post-632","post","type-post","status-publish","format-standard","hentry","category-sem-categoria"],"_links":{"self":[{"href":"https:\/\/ensino.ifg.edu.br\/envolver\/wp-json\/wp\/v2\/posts\/632"}],"collection":[{"href":"https:\/\/ensino.ifg.edu.br\/envolver\/wp-json\/wp\/v2\/posts"}],"about":[{"href":"https:\/\/ensino.ifg.edu.br\/envolver\/wp-json\/wp\/v2\/types\/post"}],"author":[{"embeddable":true,"href":"https:\/\/ensino.ifg.edu.br\/envolver\/wp-json\/wp\/v2\/users\/11"}],"replies":[{"embeddable":true,"href":"https:\/\/ensino.ifg.edu.br\/envolver\/wp-json\/wp\/v2\/comments?post=632"}],"version-history":[{"count":1,"href":"https:\/\/ensino.ifg.edu.br\/envolver\/wp-json\/wp\/v2\/posts\/632\/revisions"}],"predecessor-version":[{"id":635,"href":"https:\/\/ensino.ifg.edu.br\/envolver\/wp-json\/wp\/v2\/posts\/632\/revisions\/635"}],"wp:attachment":[{"href":"https:\/\/ensino.ifg.edu.br\/envolver\/wp-json\/wp\/v2\/media?parent=632"}],"wp:term":[{"taxonomy":"category","embeddable":true,"href":"https:\/\/ensino.ifg.edu.br\/envolver\/wp-json\/wp\/v2\/categories?post=632"},{"taxonomy":"post_tag","embeddable":true,"href":"https:\/\/ensino.ifg.edu.br\/envolver\/wp-json\/wp\/v2\/tags?post=632"}],"curies":[{"name":"wp","href":"https:\/\/api.w.org\/{rel}","templated":true}]}}